{"id":146,"date":"2025-02-19T13:04:00","date_gmt":"2025-02-19T12:04:00","guid":{"rendered":"https:\/\/jazzverband-hessen.de\/?p=146"},"modified":"2025-02-19T13:04:00","modified_gmt":"2025-02-19T12:04:00","slug":"jam-for-democracy","status":"publish","type":"post","link":"https:\/\/jazzverband-hessen.de\/index.php\/2025\/02\/19\/jam-for-democracy\/","title":{"rendered":"Jam for Democracy"},"content":{"rendered":"\n<p>Einen Tag vor der Bundestagswahl setzen Frankfurter Musikinitiativen gemeinsam ein Zeichen f\u00fcr Zusammenhalt und Vielfalt: <strong>Am 22. Februar 2025 <\/strong>laden Jazz Montez, der Jazzkeller, die Jazz-Initiative, die Horst Session, der Jazzverband Hessen und die Parf\u00fcmerie (als Location)\u00a0gemeinsam zu einer offenen musikalischen Session in den \u00f6ffentlichen Raum des Frankfurter Bahnhofsviertels ein.<\/p>\n\n\n\n<p><strong>Ort: Parf\u00fcmerie, J\u00fcrgen-Ponto-Platz 2, Frankfurt<br>Zeit: Ab 13:00 Uhr<\/strong><\/p>\n\n\n\n<p><em>\u201eDie Jam-Session als gelebte Demokratie: In einer Jam-Session gibt es keine festen Hierarchien, sondern einen offenen Dialog, in dem alle mit ihrer eigenen Stimme geh\u00f6rt werden. Musiker:innen h\u00f6ren einander zu, reagieren aufeinander und gestalten den musikalischen Verlauf gemeinsam. Genau wie eine demokratische Gesellschaft lebt eine Jam-Session vom freien Austausch, vom Respekt gegen\u00fcber anderen Perspektiven und vom gemeinsamen Gestalten eines Raums, in dem Vielfalt nicht nur akzeptiert, sondern gefeiert wird.<br><br>Diese Session ist genre\u00fcbergreifend und offen f\u00fcr alle, unabh\u00e4ngig von musikalischem Hintergrund oder Erfahrung. Jede:r, der sich beteiligen m\u00f6chte, soll und darf mitspielen. Um einen harmonischen Ablauf zu gew\u00e4hrleisten, wird darum gebeten, sich vorab mit den Verantwortlichen vor Ort abzusprechen, wann und wie der Einstieg in die Session erfolgen kann. So wird sichergestellt, dass alle, die mitspielen m\u00f6chten, auch die M\u00f6glichkeit dazu bekommen.<br><br>Zur Verf\u00fcgung stehen:<br>\u2022 Bassverst\u00e4rker<br>\u2022 Gitarrenverst\u00e4rker<br>\u2022 Schlagzeug<br>\u2022 PA-Anlage mit Mikrofonen<br>\u2022 Keyboard<br>Alle weiteren Instrumente sind selbst mitzubringen.<br><br>Mit dieser Veranstaltung wird nicht nur ein musikalischer Raum der Begegnung geschaffen, sondern auch ein starkes Zeichen gegen Spaltung und f\u00fcr ein offenes, demokratisches Miteinander gesetzt \u2013 getragen von der vereinten Kraft der Frankfurter Jazzszene.\u201c<\/em><\/p>\n\n\n\n<p><a href=\"https:\/\/jazzmontez.de\/en\/event\/jam-democracy\" target=\"_blank\" rel=\"noreferrer noopener\">Weitere Infos nach dem Klick \u2026&nbsp;<\/a><\/p>\n","protected":false},"excerpt":{"rendered":"<p>Einen Tag vor der Bundestagswahl setzen Frankfurter Musikinitiativen gemeinsam ein Zeichen f\u00fcr Zusammenhalt und Vielfalt: Am 22. Februar 2025 laden Jazz Montez, der Jazzkeller, die Jazz-Initiative, die Horst Session, der Jazzverband Hessen und die Parf\u00fcmerie (als Location)\u00a0gemeinsam zu einer offenen musikalischen Session in den \u00f6ffentlichen Raum des Frankfurter Bahnhofsviertels ein. Ort: Parf\u00fcmerie, J\u00fcrgen-Ponto-Platz 2, FrankfurtZeit: [&hellip;]<\/p>\n","protected":false},"author":2,"featured_media":147,"comment_status":"closed","ping_status":"","sticky":false,"template":"","format":"standard","meta":{"footnotes":""},"categories":[1],"tags":[],"class_list":["post-146","post","type-post","status-publish","format-standard","has-post-thumbnail","hentry","category-uncategorized"],"_links":{"self":[{"href":"https:\/\/jazzverband-hessen.de\/index.php\/wp-json\/wp\/v2\/posts\/146","targetHints":{"allow":["GET"]}}],"collection":[{"href":"https:\/\/jazzverband-hessen.de\/index.php\/wp-json\/wp\/v2\/posts"}],"about":[{"href":"https:\/\/jazzverband-hessen.de\/index.php\/wp-json\/wp\/v2\/types\/post"}],"author":[{"embeddable":true,"href":"https:\/\/jazzverband-hessen.de\/index.php\/wp-json\/wp\/v2\/users\/2"}],"replies":[{"embeddable":true,"href":"https:\/\/jazzverband-hessen.de\/index.php\/wp-json\/wp\/v2\/comments?post=146"}],"version-history":[{"count":1,"href":"https:\/\/jazzverband-hessen.de\/index.php\/wp-json\/wp\/v2\/posts\/146\/revisions"}],"predecessor-version":[{"id":148,"href":"https:\/\/jazzverband-hessen.de\/index.php\/wp-json\/wp\/v2\/posts\/146\/revisions\/148"}],"wp:featuredmedia":[{"embeddable":true,"href":"https:\/\/jazzverband-hessen.de\/index.php\/wp-json\/wp\/v2\/media\/147"}],"wp:attachment":[{"href":"https:\/\/jazzverband-hessen.de\/index.php\/wp-json\/wp\/v2\/media?parent=146"}],"wp:term":[{"taxonomy":"category","embeddable":true,"href":"https:\/\/jazzverband-hessen.de\/index.php\/wp-json\/wp\/v2\/categories?post=146"},{"taxonomy":"post_tag","embeddable":true,"href":"https:\/\/jazzverband-hessen.de\/index.php\/wp-json\/wp\/v2\/tags?post=146"}],"curies":[{"name":"wp","href":"https:\/\/api.w.org\/{rel}","templated":true}]}}